{"id":9836,"date":"2019-05-30T00:00:00","date_gmt":"2019-05-29T22:00:00","guid":{"rendered":"http:\/\/www.gentile.law\/la-deduccion-por-arrendamiento-de-vivienda-habitual-en-la-comunidad-de-madrid\/"},"modified":"2025-05-05T14:07:24","modified_gmt":"2025-05-05T12:07:24","slug":"la-deduccion-por-arrendamiento-de-vivienda-habitual-en-la-comunidad-de-madrid","status":"publish","type":"post","link":"https:\/\/www.gentile.law\/en\/la-deduccion-por-arrendamiento-de-vivienda-habitual-en-la-comunidad-de-madrid\/","title":{"rendered":"La deducci\u00f3n por arrendamiento de vivienda habitual en la comunidad de madr"},"content":{"rendered":"<p><span>Publicado: 30-05-2019<\/span><\/p>\n<p><p>\nLa cesi\u00f3n de competencias normativas en I<a href=\"https:\/\/www.gentile.law\/en\/?p=9804\"><br \/>\nRPF<\/a><br \/>\n, ha hecho que las Comunidades Aut\u00f3nomas, hayan establecido deducciones auton\u00f3micas para aquellos contribuyentes que tengan su residencia habitual en su territorio.<\/p>\n<p>\nEntre dichas deducciones, la Comunidad de Madrid ha establecido una <u><br \/>\ndeducci\u00f3n por arrendamiento de vivienda habitual del 30 por 100<\/u><br \/>\n, con un <strong><br \/>\nm\u00e1ximo de 1.000 euros<\/strong><br \/>\n sobre las cantidades pagadas en concepto de arrendamiento para los <strong><br \/>\nmenores de 35 a\u00f1os<\/strong><br \/>\n que arrienden una vivienda la cual va a ser destinada a constituir su vivienda habitual.<\/p>\n<p>\nSin embargo, dichas cantidades <strong><br \/>\nno pueden superar el 20 por 100<\/strong><br \/>\n de la suma de la Base Imponible General y del Ahorro del contribuyente, siendo adem\u00e1s necesario acreditar el dep\u00f3sito de la fianza en la Agencia de Vivienda Social de la Comunidad de Madrid.<\/p>\n<p>\nAs\u00ed mismo, la citada deducci\u00f3n puede ser aplicada por los <strong><br \/>\nmayores de 35 a\u00f1os y menores de 40 a\u00f1os<\/strong><br \/>\nsiempre que, durante el periodo impositivo, se hayan encontrado en situaci\u00f3n de desempleo y hayan soportado cargas familiares.<\/p>\n<p>\nEn este sentido, para cumplir dicho requisito es necesario haber estado inscrito en la <a href=\"https:\/\/www.comunidad.madrid\/servicios\/empleo\/oficina-empleo\"><br \/>\nOficina de Empleo de la Comunidad de Madrid<\/a><br \/>\n<strong><br \/>\nal menos 183 d\u00edas dentro del per\u00edodo impositivo<\/strong><br \/>\n y tener <strong><br \/>\nal menos dos familiares<\/strong><br \/>\n, ya sea ascendientes o descendientes, a su cargo.<\/p>\n<p>\nAhora bien, <strong><br \/>\n<u><br \/>\ncon efectos desde el 31 de diciembre de 2018<\/u><br \/>\n<\/strong><br \/>\n, los contribuyentes que quieran aplicar la citada deducci\u00f3n, <strong><br \/>\ndeben haber liquidado el Impuesto de Transmisiones Patrimoniales y Actos Jur\u00eddicos Documentados<\/strong><br \/>\n derivado del arrendamiento de la vivienda, salvo que resulte de aplicaci\u00f3n la bonificaci\u00f3n prevista en el art\u00edculo 30 quater del Decreto Legislativo 1\/2010.<\/p>\n<p>\nPor tanto, aquellos contribuyentes que quieran beneficiarse de la deducci\u00f3n, deber\u00e1n abonar el Impuesto antes de la presentaci\u00f3n de su declaraci\u00f3n de la renta de 2018, en cambio, todos aquellos que ya hayan presentado su declaraci\u00f3n incluyendo dicha deducci\u00f3n sin el correspondiente abono del Impuesto de TPO, podr\u00e1n ser requeridos en aras de acreditar el pago del Impuesto, y en caso de que no se justifique se les denegar\u00e1 la deducci\u00f3n aplicada, exigi\u00e9ndoles el importe correspondiente, cabiendo incluso la posibilidad de ser sancionados.<\/p>\n<p>\n\u00a0<\/p>\n<p>\n\u00a0<\/p>\n<p>\n<strong><br \/>\n<u><br \/>\n\u00a0<\/u><br \/>\n<\/strong>\n<\/p>\n<div>\n<\/div><\/p>\n","protected":false},"excerpt":{"rendered":"<p>Publicado: 30-05-2019 La cesi\u00f3n de competencias normativas en I RPF , ha hecho que las Comunidades Aut\u00f3nomas, hayan establecido deducciones auton\u00f3micas para aquellos contribuyentes que tengan su residencia habitual en&#8230;<\/p>\n","protected":false},"author":12,"featured_media":11742,"comment_status":"open","ping_status":"open","sticky":false,"template":"","format":"standard","meta":{"_eb_attr":"","footnotes":""},"categories":[80,86],"tags":[],"class_list":["post-9836","post","type-post","status-publish","format-standard","has-post-thumbnail","hentry","category-fiscal-en","category-inmobiliario-en","has-post-title","has-post-date","has-post-category","has-post-tag","has-post-comment","has-post-author",""],"yoast_head":"<!-- This site is optimized with the Yoast SEO plugin v25.0 - https:\/\/yoast.com\/wordpress\/plugins\/seo\/ -->\n<title>La deducci\u00f3n por arrendamiento de vivienda habitual en la comunidad de madrid |<\/title>\n<meta name=\"description\" content=\"La cesi\u00f3n de competencias normativas en I[1], ha hecho que las Comunidades Aut\u00f3nomas, hayan establecido deducciones auton\u00f3micas para aquellos contribuyentes que tengan su residencia habitual en su territorio. Entre dichas deducciones, la Comunidad de Madrid ha establecido una [1], con un [2] sobr\" \/>\n<meta name=\"robots\" content=\"index, follow, max-snippet:-1, max-image-preview:large, max-video-preview:-1\" \/>\n<link rel=\"canonical\" href=\"https:\/\/www.gentile.law\/en\/la-deduccion-por-arrendamiento-de-vivienda-habitual-en-la-comunidad-de-madrid\/\" \/>\n<meta property=\"og:locale\" content=\"en_US\" \/>\n<meta property=\"og:type\" content=\"article\" \/>\n<meta property=\"og:title\" content=\"La deducci\u00f3n por arrendamiento de vivienda habitual en la comunidad de madrid |\" \/>\n<meta property=\"og:description\" content=\"La cesi\u00f3n de competencias normativas en I[1], ha hecho que las Comunidades Aut\u00f3nomas, hayan establecido deducciones auton\u00f3micas para aquellos contribuyentes que tengan su residencia habitual en su territorio. Entre dichas deducciones, la Comunidad de Madrid ha establecido una [1], con un [2] sobr\" \/>\n<meta property=\"og:url\" content=\"https:\/\/www.gentile.law\/en\/la-deduccion-por-arrendamiento-de-vivienda-habitual-en-la-comunidad-de-madrid\/\" \/>\n<meta property=\"og:site_name\" content=\"Gentile Law\" \/>\n<meta property=\"article:published_time\" content=\"2019-05-29T22:00:00+00:00\" \/>\n<meta property=\"article:modified_time\" content=\"2025-05-05T12:07:24+00:00\" \/>\n<meta property=\"og:image\" content=\"https:\/\/www.gentile.law\/wp-content\/uploads\/2025\/04\/im_106.webp\" \/>\n\t<meta property=\"og:image:width\" content=\"433\" \/>\n\t<meta property=\"og:image:height\" content=\"206\" \/>\n\t<meta property=\"og:image:type\" content=\"image\/png\" \/>\n<meta name=\"author\" content=\"Gentile Law\" \/>\n<meta name=\"twitter:card\" content=\"summary_large_image\" \/>\n<meta name=\"twitter:label1\" content=\"Written by\" \/>\n\t<meta name=\"twitter:data1\" content=\"Gentile Law\" \/>\n\t<meta name=\"twitter:label2\" content=\"Est. reading time\" \/>\n\t<meta name=\"twitter:data2\" content=\"2 minutes\" \/>\n<script type=\"application\/ld+json\" class=\"yoast-schema-graph\">{\"@context\":\"https:\/\/schema.org\",\"@graph\":[{\"@type\":\"WebPage\",\"@id\":\"https:\/\/www.gentile.law\/en\/la-deduccion-por-arrendamiento-de-vivienda-habitual-en-la-comunidad-de-madrid\/\",\"url\":\"https:\/\/www.gentile.law\/en\/la-deduccion-por-arrendamiento-de-vivienda-habitual-en-la-comunidad-de-madrid\/\",\"name\":\"La deducci\u00f3n por arrendamiento de vivienda habitual en la comunidad de madrid |\",\"isPartOf\":{\"@id\":\"https:\/\/www.gentile.law\/en\/#website\"},\"primaryImageOfPage\":{\"@id\":\"https:\/\/www.gentile.law\/en\/la-deduccion-por-arrendamiento-de-vivienda-habitual-en-la-comunidad-de-madrid\/#primaryimage\"},\"image\":{\"@id\":\"https:\/\/www.gentile.law\/en\/la-deduccion-por-arrendamiento-de-vivienda-habitual-en-la-comunidad-de-madrid\/#primaryimage\"},\"thumbnailUrl\":\"https:\/\/www.gentile.law\/wp-content\/uploads\/2025\/04\/im_106.webp\",\"datePublished\":\"2019-05-29T22:00:00+00:00\",\"dateModified\":\"2025-05-05T12:07:24+00:00\",\"author\":{\"@id\":\"https:\/\/www.gentile.law\/en\/#\/schema\/person\/018b7dd097b69651866f9416d4b3d286\"},\"description\":\"La cesi\u00f3n de competencias normativas en I[1], ha hecho que las Comunidades Aut\u00f3nomas, hayan establecido deducciones auton\u00f3micas para aquellos contribuyentes que tengan su residencia habitual en su territorio. Entre dichas deducciones, la Comunidad de Madrid ha establecido una [1], con un [2] sobr\",\"breadcrumb\":{\"@id\":\"https:\/\/www.gentile.law\/en\/la-deduccion-por-arrendamiento-de-vivienda-habitual-en-la-comunidad-de-madrid\/#breadcrumb\"},\"inLanguage\":\"en-US\",\"potentialAction\":[{\"@type\":\"ReadAction\",\"target\":[\"https:\/\/www.gentile.law\/en\/la-deduccion-por-arrendamiento-de-vivienda-habitual-en-la-comunidad-de-madrid\/\"]}]},{\"@type\":\"ImageObject\",\"inLanguage\":\"en-US\",\"@id\":\"https:\/\/www.gentile.law\/en\/la-deduccion-por-arrendamiento-de-vivienda-habitual-en-la-comunidad-de-madrid\/#primaryimage\",\"url\":\"https:\/\/www.gentile.law\/wp-content\/uploads\/2025\/04\/im_106.webp\",\"contentUrl\":\"https:\/\/www.gentile.law\/wp-content\/uploads\/2025\/04\/im_106.webp\",\"width\":433,\"height\":206},{\"@type\":\"BreadcrumbList\",\"@id\":\"https:\/\/www.gentile.law\/en\/la-deduccion-por-arrendamiento-de-vivienda-habitual-en-la-comunidad-de-madrid\/#breadcrumb\",\"itemListElement\":[{\"@type\":\"ListItem\",\"position\":1,\"name\":\"Portada\",\"item\":\"https:\/\/www.gentile.law\/en\/\"},{\"@type\":\"ListItem\",\"position\":2,\"name\":\"La deducci\u00f3n por arrendamiento de vivienda habitual en la comunidad de madr\"}]},{\"@type\":\"WebSite\",\"@id\":\"https:\/\/www.gentile.law\/en\/#website\",\"url\":\"https:\/\/www.gentile.law\/en\/\",\"name\":\"Gentile Law\",\"description\":\"\",\"potentialAction\":[{\"@type\":\"SearchAction\",\"target\":{\"@type\":\"EntryPoint\",\"urlTemplate\":\"https:\/\/www.gentile.law\/en\/?s={search_term_string}\"},\"query-input\":{\"@type\":\"PropertyValueSpecification\",\"valueRequired\":true,\"valueName\":\"search_term_string\"}}],\"inLanguage\":\"en-US\"},{\"@type\":\"Person\",\"@id\":\"https:\/\/www.gentile.law\/en\/#\/schema\/person\/018b7dd097b69651866f9416d4b3d286\",\"name\":\"Gentile Law\",\"image\":{\"@type\":\"ImageObject\",\"inLanguage\":\"en-US\",\"@id\":\"https:\/\/www.gentile.law\/en\/#\/schema\/person\/image\/\",\"url\":\"https:\/\/secure.gravatar.com\/avatar\/71ab9fb531afae7e43189c0ca308ace8?s=96&d=mm&r=g\",\"contentUrl\":\"https:\/\/secure.gravatar.com\/avatar\/71ab9fb531afae7e43189c0ca308ace8?s=96&d=mm&r=g\",\"caption\":\"Gentile Law\"},\"sameAs\":[\"https:\/\/es.linkedin.com\/company\/gentile-law\"],\"url\":\"https:\/\/www.gentile.law\/en\/author\/gentile-law\/\"}]}<\/script>\n<!-- \/ Yoast SEO plugin. -->","yoast_head_json":{"title":"La deducci\u00f3n por arrendamiento de vivienda habitual en la comunidad de madrid |","description":"La cesi\u00f3n de competencias normativas en I[1], ha hecho que las Comunidades Aut\u00f3nomas, hayan establecido deducciones auton\u00f3micas para aquellos contribuyentes que tengan su residencia habitual en su territorio. Entre dichas deducciones, la Comunidad de Madrid ha establecido una [1], con un [2] sobr","robots":{"index":"index","follow":"follow","max-snippet":"max-snippet:-1","max-image-preview":"max-image-preview:large","max-video-preview":"max-video-preview:-1"},"canonical":"https:\/\/www.gentile.law\/en\/la-deduccion-por-arrendamiento-de-vivienda-habitual-en-la-comunidad-de-madrid\/","og_locale":"en_US","og_type":"article","og_title":"La deducci\u00f3n por arrendamiento de vivienda habitual en la comunidad de madrid |","og_description":"La cesi\u00f3n de competencias normativas en I[1], ha hecho que las Comunidades Aut\u00f3nomas, hayan establecido deducciones auton\u00f3micas para aquellos contribuyentes que tengan su residencia habitual en su territorio. Entre dichas deducciones, la Comunidad de Madrid ha establecido una [1], con un [2] sobr","og_url":"https:\/\/www.gentile.law\/en\/la-deduccion-por-arrendamiento-de-vivienda-habitual-en-la-comunidad-de-madrid\/","og_site_name":"Gentile Law","article_published_time":"2019-05-29T22:00:00+00:00","article_modified_time":"2025-05-05T12:07:24+00:00","og_image":[{"width":433,"height":206,"url":"https:\/\/www.gentile.law\/wp-content\/uploads\/2025\/04\/im_106.webp","type":"image\/png"}],"author":"Gentile Law","twitter_card":"summary_large_image","twitter_misc":{"Written by":"Gentile Law","Est. reading time":"2 minutes"},"schema":{"@context":"https:\/\/schema.org","@graph":[{"@type":"WebPage","@id":"https:\/\/www.gentile.law\/en\/la-deduccion-por-arrendamiento-de-vivienda-habitual-en-la-comunidad-de-madrid\/","url":"https:\/\/www.gentile.law\/en\/la-deduccion-por-arrendamiento-de-vivienda-habitual-en-la-comunidad-de-madrid\/","name":"La deducci\u00f3n por arrendamiento de vivienda habitual en la comunidad de madrid |","isPartOf":{"@id":"https:\/\/www.gentile.law\/en\/#website"},"primaryImageOfPage":{"@id":"https:\/\/www.gentile.law\/en\/la-deduccion-por-arrendamiento-de-vivienda-habitual-en-la-comunidad-de-madrid\/#primaryimage"},"image":{"@id":"https:\/\/www.gentile.law\/en\/la-deduccion-por-arrendamiento-de-vivienda-habitual-en-la-comunidad-de-madrid\/#primaryimage"},"thumbnailUrl":"https:\/\/www.gentile.law\/wp-content\/uploads\/2025\/04\/im_106.webp","datePublished":"2019-05-29T22:00:00+00:00","dateModified":"2025-05-05T12:07:24+00:00","author":{"@id":"https:\/\/www.gentile.law\/en\/#\/schema\/person\/018b7dd097b69651866f9416d4b3d286"},"description":"La cesi\u00f3n de competencias normativas en I[1], ha hecho que las Comunidades Aut\u00f3nomas, hayan establecido deducciones auton\u00f3micas para aquellos contribuyentes que tengan su residencia habitual en su territorio. Entre dichas deducciones, la Comunidad de Madrid ha establecido una [1], con un [2] sobr","breadcrumb":{"@id":"https:\/\/www.gentile.law\/en\/la-deduccion-por-arrendamiento-de-vivienda-habitual-en-la-comunidad-de-madrid\/#breadcrumb"},"inLanguage":"en-US","potentialAction":[{"@type":"ReadAction","target":["https:\/\/www.gentile.law\/en\/la-deduccion-por-arrendamiento-de-vivienda-habitual-en-la-comunidad-de-madrid\/"]}]},{"@type":"ImageObject","inLanguage":"en-US","@id":"https:\/\/www.gentile.law\/en\/la-deduccion-por-arrendamiento-de-vivienda-habitual-en-la-comunidad-de-madrid\/#primaryimage","url":"https:\/\/www.gentile.law\/wp-content\/uploads\/2025\/04\/im_106.webp","contentUrl":"https:\/\/www.gentile.law\/wp-content\/uploads\/2025\/04\/im_106.webp","width":433,"height":206},{"@type":"BreadcrumbList","@id":"https:\/\/www.gentile.law\/en\/la-deduccion-por-arrendamiento-de-vivienda-habitual-en-la-comunidad-de-madrid\/#breadcrumb","itemListElement":[{"@type":"ListItem","position":1,"name":"Portada","item":"https:\/\/www.gentile.law\/en\/"},{"@type":"ListItem","position":2,"name":"La deducci\u00f3n por arrendamiento de vivienda habitual en la comunidad de madr"}]},{"@type":"WebSite","@id":"https:\/\/www.gentile.law\/en\/#website","url":"https:\/\/www.gentile.law\/en\/","name":"Gentile Law","description":"","potentialAction":[{"@type":"SearchAction","target":{"@type":"EntryPoint","urlTemplate":"https:\/\/www.gentile.law\/en\/?s={search_term_string}"},"query-input":{"@type":"PropertyValueSpecification","valueRequired":true,"valueName":"search_term_string"}}],"inLanguage":"en-US"},{"@type":"Person","@id":"https:\/\/www.gentile.law\/en\/#\/schema\/person\/018b7dd097b69651866f9416d4b3d286","name":"Gentile Law","image":{"@type":"ImageObject","inLanguage":"en-US","@id":"https:\/\/www.gentile.law\/en\/#\/schema\/person\/image\/","url":"https:\/\/secure.gravatar.com\/avatar\/71ab9fb531afae7e43189c0ca308ace8?s=96&d=mm&r=g","contentUrl":"https:\/\/secure.gravatar.com\/avatar\/71ab9fb531afae7e43189c0ca308ace8?s=96&d=mm&r=g","caption":"Gentile Law"},"sameAs":["https:\/\/es.linkedin.com\/company\/gentile-law"],"url":"https:\/\/www.gentile.law\/en\/author\/gentile-law\/"}]}},"builder_content":"","_links":{"self":[{"href":"https:\/\/www.gentile.law\/en\/wp-json\/wp\/v2\/posts\/9836","targetHints":{"allow":["GET"]}}],"collection":[{"href":"https:\/\/www.gentile.law\/en\/wp-json\/wp\/v2\/posts"}],"about":[{"href":"https:\/\/www.gentile.law\/en\/wp-json\/wp\/v2\/types\/post"}],"author":[{"embeddable":true,"href":"https:\/\/www.gentile.law\/en\/wp-json\/wp\/v2\/users\/12"}],"replies":[{"embeddable":true,"href":"https:\/\/www.gentile.law\/en\/wp-json\/wp\/v2\/comments?post=9836"}],"version-history":[{"count":1,"href":"https:\/\/www.gentile.law\/en\/wp-json\/wp\/v2\/posts\/9836\/revisions"}],"predecessor-version":[{"id":10514,"href":"https:\/\/www.gentile.law\/en\/wp-json\/wp\/v2\/posts\/9836\/revisions\/10514"}],"wp:featuredmedia":[{"embeddable":true,"href":"https:\/\/www.gentile.law\/en\/wp-json\/wp\/v2\/media\/11742"}],"wp:attachment":[{"href":"https:\/\/www.gentile.law\/en\/wp-json\/wp\/v2\/media?parent=9836"}],"wp:term":[{"taxonomy":"category","embeddable":true,"href":"https:\/\/www.gentile.law\/en\/wp-json\/wp\/v2\/categories?post=9836"},{"taxonomy":"post_tag","embeddable":true,"href":"https:\/\/www.gentile.law\/en\/wp-json\/wp\/v2\/tags?post=9836"}],"curies":[{"name":"wp","href":"https:\/\/api.w.org\/{rel}","templated":true}]}}