{"id":9842,"date":"2019-04-23T00:00:00","date_gmt":"2019-04-22T22:00:00","guid":{"rendered":"http:\/\/www.gentile.law\/visado-para-busqueda-de-empleo-en-espana-hijos-y-nietos-de-espanoles-residentes-en-argentina\/"},"modified":"2025-04-25T15:28:40","modified_gmt":"2025-04-25T13:28:40","slug":"visado-para-busqueda-de-empleo-en-espana-hijos-y-nietos-de-espanoles-residentes-en-argentina","status":"publish","type":"post","link":"https:\/\/www.gentile.law\/en\/visado-para-busqueda-de-empleo-en-espana-hijos-y-nietos-de-espanoles-residentes-en-argentina\/","title":{"rendered":"Visado para b\u00fasqueda de empleo en Espa\u00f1a \u0096 hijos y nietos de espa\u00f1ole"},"content":{"rendered":"<p>Publicado: 23-04-2019<\/p>\n<p><img decoding=\"async\" src=\"data:;base64,<svg https:\/\/www.gentile.law\/wp-content\/uploads\/avion-avion-a-propulsion-chorro-1831519-1-300x174.jpg\" \/><\/p>\n<p>A partir del d\u00eda 1 de abril de 2019 el <strong><br \/>Ministerio de Trabajo, Migraciones y Seguridad Social de Espa\u00f1a<\/strong><br \/>(en adelante, el Ministerio) inicia un proyecto piloto para la concesi\u00f3n de <strong><br \/>500 visados para<\/strong><br \/>que los hijos y nietos de espa\u00f1oles de origen residentes en la Rep\u00fablica Argentina y que carecen de la nacionalidad espa\u00f1ola, <strong><br \/>viajen a Espa\u00f1a a buscar empleo<\/strong><br \/>. En caso que la demanda de solicitudes sea alta la cifra podr\u00eda ampliarse.<\/p>\n<p><strong><br \/>\u00bfQui\u00e9n la puede solicitar?<\/strong><\/p>\n<p>Hijos y nietos de ciudadanos espa\u00f1oles de origen, que residan en Argentina y que no tengan nacionalidad espa\u00f1ola.<\/p>\n<p><strong><br \/>\u00bfC\u00f3mo se solicita?<\/strong><\/p>\n<p><em><br \/>En Argentina<\/em><br \/>. El Ministerio habilitar\u00e1 en la web de la <a href=\"http:\/\/www.mitramiss.gob.es\/es\/mundo\/consejerias\/argentina\/index.htm\"><br \/>Consejer\u00eda Trabajo, Migraciones y Seguridad Social en Argentina<\/a><br \/>\u0096dependiente de la Embajada de Espa\u00f1a en Buenos Aires\u0096 un formulario online para poder solicitar la pre inscripci\u00f3n en el programa.<\/p>\n<p><strong><br \/>Requisitos<\/strong><\/p>\n<p>Los candidatos deber\u00e1n cumplir los requisitos <strong><br \/>personales, educativos y laborales<\/strong><br \/>, fijados por la Secretaria de Estado de Migraciones. Tendr\u00e1n preferencia los profesionales de alta cualificaci\u00f3n, especialmente los sectores de la tecnolog\u00eda, la inform\u00e1tica, el marketing o las finanzas.<\/p>\n<p>Requisitos b\u00e1sicos:<\/p>\n<ul>\n<li>Ser mayor de 18 y menor de 45 a\u00f1os.<\/li>\n<li>Ser hijo o nieto de espa\u00f1oles de origen<\/li>\n<li>No ostentar la nacionalidad espa\u00f1ola.<\/li>\n<li>Residir en la Rep\u00fablica Argentina.<\/li>\n<li>No tener antecedentes penales.<\/li>\n<li>Pasaporte en vigor, con una validez m\u00ednima de seis meses.<\/li>\n<li>Disponer de medios econ\u00f3micos. Se exigir\u00e1 una cantidad m\u00ednima de 1.613,52 euros para 90 d\u00edas de estancia; esta cantidad se podr\u00e1 minorar si el solicitante prueba que dispone de alojamiento ya abonado o a invitaci\u00f3n de un tercero, en cuyo caso deber\u00e1 aportar invitaci\u00f3n en modelo oficial.<\/li>\n<li>Contratar un seguro m\u00e9dico de viaje.<\/li>\n<\/ul>\n<p><strong><br \/>Plazo de presentaci\u00f3n y valoraci\u00f3n de pre-solicitudes<\/strong><\/p>\n<p>Presentaci\u00f3n: 2 meses. El plazo inicia el d\u00eda 1 de abril y finaliza el d\u00eda 31 de mayo de 2019.<\/p>\n<p>Valoraci\u00f3n: el plazo m\u00e1ximo de evaluaci\u00f3n y comunicaci\u00f3n a los seleccionados ser\u00e1 de 30 d\u00edas desde que finalice el plazo de la presentaci\u00f3n de pre-solicitudes.<\/p>\n<p>Desde el momento de ser seleccionado, se le asignar\u00e1 autom\u00e1ticamente un n\u00famero de identificaci\u00f3n de extranjero (NIE) para que inicie el proceso de b\u00fasqueda de empleo desde Argentina, a trav\u00e9s del portal web <a href=\"http:\/\/www.empleate.com\/\"><br \/>www.empleate.com<\/a><br \/>.<\/p>\n<p><strong><br \/>Documentos que hay que acompa\u00f1ar a la pre solicitud<\/strong><\/p>\n<p>Al momento de presentar la pre solicitud, el interesado deber\u00e1 aportar la siguiente documentaci\u00f3n escaneada y en formato pdf:<\/p>\n<ul>\n<li>Documentos o t\u00edtulos oficiales de formaci\u00f3n (apostillados).<\/li>\n<li>Documentos o certificados de experiencia laboral.<\/li>\n<li>Documento que acredite la situaci\u00f3n familiar y los hijos.<\/li>\n<li>Documento acreditativo del lugar de residencia.<\/li>\n<li>Curr\u00edculo (m\u00e1ximo 2 p\u00e1ginas).<\/li>\n<li>Certificado de antecedentes penales de los pa\u00edses donde haya residido los \u00faltimos cinco a\u00f1os (apostillado).<\/li>\n<\/ul>\n<p><strong><br \/>Visado<\/strong><\/p>\n<p>Quienes resulten seleccionados, posteriormente deber\u00e1n solicitar el visado en el Consulado General de Espa\u00f1a en Argentina correspondiente al lugar de residencia. Hay que tener en cuenta que algunos consulados generales tienen establecido un sistema de cita previa para la presentaci\u00f3n de solicitudes.<\/p>\n<p>La finalizaci\u00f3n del proyecto piloto est\u00e1 prevista para el 31 de diciembre de 2019, por lo que no podr\u00e1 solicitar visados despu\u00e9s de esa fecha. Es recomendable solicitar el visado tan pronto se le comunique que ha sido seleccionado.<\/p>\n<p><strong><br \/>Tr\u00e1mites posteriores y beneficios<\/strong><\/p>\n<p>El visado permitir\u00e1 a los interesados residir legalmente en Espa\u00f1a durante el periodo de tres meses para buscar empleo. El plazo inicia desde que el interesado entre a Espa\u00f1a.<\/p>\n<p>Una vez firmado el contrato de trabajo, el empleador deber\u00e1 solicitar la autorizaci\u00f3n de residencia temporal y trabajo por cuenta ajena por un a\u00f1o renovable o bien de una autorizaci\u00f3n inicial de residencia y trabajo para profesionales altamente cualificados e investigadores de dos a\u00f1os renovables.<\/p>\n<p>Adicionalmente, despu\u00e9s de transcurrido un a\u00f1o de residir en Espa\u00f1a podr\u00e1 reagrupar a su familia y tambi\u00e9n solicitar la nacionalidad espa\u00f1ola.<\/p>\n<p><strong><br \/>Cu\u00e1ndo y c\u00f3mo se acredita ser hijo o nieto de espa\u00f1ol de origen<\/strong><\/p>\n<p>La documentaci\u00f3n acreditativa de la condici\u00f3n de hijo o nieto de espa\u00f1ol de origen se presentar\u00e1 en Espa\u00f1a ante la Oficina de Extranjer\u00eda o en la Unidad de Grandes Empresas en Espa\u00f1a, junto con el contrato de trabajo y la solicitud de autorizaci\u00f3n de residencia y trabajo.<\/p>\n<p>En Goy Gentile Abogados somos especialistas en derecho de extranjer\u00eda y le podemos orientar en la solicitud del visado, las autorizaciones de residencia y otras cuestiones en temas de estancias y residencias para extranjeros en Espa\u00f1a. Si tiene alguna consulta, no dude en ponerse en contacto con nosotros.<\/p>\n<p>Fuente: Ministerio de Trabajo, Migraciones y Seguridad Social de Espa\u00f1a. Gu\u00eda para solicitar visados de b\u00fasqueda de empleo en Espa\u00f1a dirigidos a hijos y nietos de espa\u00f1oles de origen residentes en Argentina. En l\u00ednea: <br \/><br \/>.<\/p>\n<div>\u00a0<\/div>\n\n<!-- wp:themify-builder\/canvas \/-->","protected":false},"excerpt":{"rendered":"<p>Publicado: 23-04-2019 A partir del d\u00eda 1 de abril de 2019 el Ministerio de Trabajo, Migraciones y Seguridad Social de Espa\u00f1a (en adelante, el Ministerio) inicia un proyecto piloto para&#8230;<\/p>\n","protected":false},"author":12,"featured_media":11750,"comment_status":"open","ping_status":"open","sticky":false,"template":"","format":"standard","meta":{"_eb_attr":"","footnotes":""},"categories":[74],"tags":[],"class_list":["post-9842","post","type-post","status-publish","format-standard","has-post-thumbnail","hentry","category-borrado-en","has-post-title","has-post-date","has-post-category","has-post-tag","has-post-comment","has-post-author",""],"yoast_head":"<!-- This site is optimized with the Yoast SEO plugin v25.0 - https:\/\/yoast.com\/wordpress\/plugins\/seo\/ -->\n<title>Visado para b\u00fasqueda de empleo en Espa\u00f1a \u0096 hijos y nietos de espa\u00f1oles res<\/title>\n<meta name=\"description\" content=\"A partir del d\u00eda 1 de abril de 2019 el [1](en adelante, el Ministerio) inicia un proyecto piloto para la concesi\u00f3n de [2]que los hijos y nietos de espa\u00f1oles de origen residentes en la Rep\u00fablica Argentina y que carecen de la nacionalidad espa\u00f1ola, [3]. En caso que la demanda de solicitudes sea a\" \/>\n<meta name=\"robots\" content=\"index, follow, max-snippet:-1, max-image-preview:large, max-video-preview:-1\" \/>\n<link rel=\"canonical\" href=\"https:\/\/www.gentile.law\/en\/visado-para-busqueda-de-empleo-en-espana-hijos-y-nietos-de-espanoles-residentes-en-argentina\/\" \/>\n<meta property=\"og:locale\" content=\"en_US\" \/>\n<meta property=\"og:type\" content=\"article\" \/>\n<meta property=\"og:title\" content=\"Visado para b\u00fasqueda de empleo en Espa\u00f1a \u0096 hijos y nietos de espa\u00f1oles res\" \/>\n<meta property=\"og:description\" content=\"A partir del d\u00eda 1 de abril de 2019 el [1](en adelante, el Ministerio) inicia un proyecto piloto para la concesi\u00f3n de [2]que los hijos y nietos de espa\u00f1oles de origen residentes en la Rep\u00fablica Argentina y que carecen de la nacionalidad espa\u00f1ola, [3]. En caso que la demanda de solicitudes sea a\" \/>\n<meta property=\"og:url\" content=\"https:\/\/www.gentile.law\/en\/visado-para-busqueda-de-empleo-en-espana-hijos-y-nietos-de-espanoles-residentes-en-argentina\/\" \/>\n<meta property=\"og:site_name\" content=\"Gentile Law\" \/>\n<meta property=\"article:published_time\" content=\"2019-04-22T22:00:00+00:00\" \/>\n<meta property=\"article:modified_time\" content=\"2025-04-25T13:28:40+00:00\" \/>\n<meta property=\"og:image\" content=\"https:\/\/www.gentile.law\/wp-content\/uploads\/2025\/04\/im_114.webp\" \/>\n\t<meta property=\"og:image:width\" content=\"512\" \/>\n\t<meta property=\"og:image:height\" content=\"512\" \/>\n\t<meta property=\"og:image:type\" content=\"image\/png\" \/>\n<meta name=\"author\" content=\"Gentile Law\" \/>\n<meta name=\"twitter:card\" content=\"summary_large_image\" \/>\n<meta name=\"twitter:label1\" content=\"Written by\" \/>\n\t<meta name=\"twitter:data1\" content=\"Gentile Law\" \/>\n\t<meta name=\"twitter:label2\" content=\"Est. reading time\" \/>\n\t<meta name=\"twitter:data2\" content=\"4 minutes\" \/>\n<script type=\"application\/ld+json\" class=\"yoast-schema-graph\">{\"@context\":\"https:\/\/schema.org\",\"@graph\":[{\"@type\":\"WebPage\",\"@id\":\"https:\/\/www.gentile.law\/en\/visado-para-busqueda-de-empleo-en-espana-hijos-y-nietos-de-espanoles-residentes-en-argentina\/\",\"url\":\"https:\/\/www.gentile.law\/en\/visado-para-busqueda-de-empleo-en-espana-hijos-y-nietos-de-espanoles-residentes-en-argentina\/\",\"name\":\"Visado para b\u00fasqueda de empleo en Espa\u00f1a \u0096 hijos y nietos de espa\u00f1oles res\",\"isPartOf\":{\"@id\":\"https:\/\/www.gentile.law\/en\/#website\"},\"primaryImageOfPage\":{\"@id\":\"https:\/\/www.gentile.law\/en\/visado-para-busqueda-de-empleo-en-espana-hijos-y-nietos-de-espanoles-residentes-en-argentina\/#primaryimage\"},\"image\":{\"@id\":\"https:\/\/www.gentile.law\/en\/visado-para-busqueda-de-empleo-en-espana-hijos-y-nietos-de-espanoles-residentes-en-argentina\/#primaryimage\"},\"thumbnailUrl\":\"https:\/\/www.gentile.law\/wp-content\/uploads\/2025\/04\/im_114.webp\",\"datePublished\":\"2019-04-22T22:00:00+00:00\",\"dateModified\":\"2025-04-25T13:28:40+00:00\",\"author\":{\"@id\":\"https:\/\/www.gentile.law\/en\/#\/schema\/person\/018b7dd097b69651866f9416d4b3d286\"},\"description\":\"A partir del d\u00eda 1 de abril de 2019 el [1](en adelante, el Ministerio) inicia un proyecto piloto para la concesi\u00f3n de [2]que los hijos y nietos de espa\u00f1oles de origen residentes en la Rep\u00fablica Argentina y que carecen de la nacionalidad espa\u00f1ola, [3]. En caso que la demanda de solicitudes sea a\",\"breadcrumb\":{\"@id\":\"https:\/\/www.gentile.law\/en\/visado-para-busqueda-de-empleo-en-espana-hijos-y-nietos-de-espanoles-residentes-en-argentina\/#breadcrumb\"},\"inLanguage\":\"en-US\",\"potentialAction\":[{\"@type\":\"ReadAction\",\"target\":[\"https:\/\/www.gentile.law\/en\/visado-para-busqueda-de-empleo-en-espana-hijos-y-nietos-de-espanoles-residentes-en-argentina\/\"]}]},{\"@type\":\"ImageObject\",\"inLanguage\":\"en-US\",\"@id\":\"https:\/\/www.gentile.law\/en\/visado-para-busqueda-de-empleo-en-espana-hijos-y-nietos-de-espanoles-residentes-en-argentina\/#primaryimage\",\"url\":\"https:\/\/www.gentile.law\/wp-content\/uploads\/2025\/04\/im_114.webp\",\"contentUrl\":\"https:\/\/www.gentile.law\/wp-content\/uploads\/2025\/04\/im_114.webp\",\"width\":512,\"height\":512},{\"@type\":\"BreadcrumbList\",\"@id\":\"https:\/\/www.gentile.law\/en\/visado-para-busqueda-de-empleo-en-espana-hijos-y-nietos-de-espanoles-residentes-en-argentina\/#breadcrumb\",\"itemListElement\":[{\"@type\":\"ListItem\",\"position\":1,\"name\":\"Portada\",\"item\":\"https:\/\/www.gentile.law\/en\/\"},{\"@type\":\"ListItem\",\"position\":2,\"name\":\"Visado para b\u00fasqueda de empleo en Espa\u00f1a \u0096 hijos y nietos de espa\u00f1ole\"}]},{\"@type\":\"WebSite\",\"@id\":\"https:\/\/www.gentile.law\/en\/#website\",\"url\":\"https:\/\/www.gentile.law\/en\/\",\"name\":\"Gentile Law\",\"description\":\"\",\"potentialAction\":[{\"@type\":\"SearchAction\",\"target\":{\"@type\":\"EntryPoint\",\"urlTemplate\":\"https:\/\/www.gentile.law\/en\/?s={search_term_string}\"},\"query-input\":{\"@type\":\"PropertyValueSpecification\",\"valueRequired\":true,\"valueName\":\"search_term_string\"}}],\"inLanguage\":\"en-US\"},{\"@type\":\"Person\",\"@id\":\"https:\/\/www.gentile.law\/en\/#\/schema\/person\/018b7dd097b69651866f9416d4b3d286\",\"name\":\"Gentile Law\",\"image\":{\"@type\":\"ImageObject\",\"inLanguage\":\"en-US\",\"@id\":\"https:\/\/www.gentile.law\/en\/#\/schema\/person\/image\/\",\"url\":\"https:\/\/secure.gravatar.com\/avatar\/71ab9fb531afae7e43189c0ca308ace8?s=96&d=mm&r=g\",\"contentUrl\":\"https:\/\/secure.gravatar.com\/avatar\/71ab9fb531afae7e43189c0ca308ace8?s=96&d=mm&r=g\",\"caption\":\"Gentile Law\"},\"sameAs\":[\"https:\/\/es.linkedin.com\/company\/gentile-law\"],\"url\":\"https:\/\/www.gentile.law\/en\/author\/gentile-law\/\"}]}<\/script>\n<!-- \/ Yoast SEO plugin. -->","yoast_head_json":{"title":"Visado para b\u00fasqueda de empleo en Espa\u00f1a \u0096 hijos y nietos de espa\u00f1oles res","description":"A partir del d\u00eda 1 de abril de 2019 el [1](en adelante, el Ministerio) inicia un proyecto piloto para la concesi\u00f3n de [2]que los hijos y nietos de espa\u00f1oles de origen residentes en la Rep\u00fablica Argentina y que carecen de la nacionalidad espa\u00f1ola, [3]. En caso que la demanda de solicitudes sea a","robots":{"index":"index","follow":"follow","max-snippet":"max-snippet:-1","max-image-preview":"max-image-preview:large","max-video-preview":"max-video-preview:-1"},"canonical":"https:\/\/www.gentile.law\/en\/visado-para-busqueda-de-empleo-en-espana-hijos-y-nietos-de-espanoles-residentes-en-argentina\/","og_locale":"en_US","og_type":"article","og_title":"Visado para b\u00fasqueda de empleo en Espa\u00f1a \u0096 hijos y nietos de espa\u00f1oles res","og_description":"A partir del d\u00eda 1 de abril de 2019 el [1](en adelante, el Ministerio) inicia un proyecto piloto para la concesi\u00f3n de [2]que los hijos y nietos de espa\u00f1oles de origen residentes en la Rep\u00fablica Argentina y que carecen de la nacionalidad espa\u00f1ola, [3]. En caso que la demanda de solicitudes sea a","og_url":"https:\/\/www.gentile.law\/en\/visado-para-busqueda-de-empleo-en-espana-hijos-y-nietos-de-espanoles-residentes-en-argentina\/","og_site_name":"Gentile Law","article_published_time":"2019-04-22T22:00:00+00:00","article_modified_time":"2025-04-25T13:28:40+00:00","og_image":[{"width":512,"height":512,"url":"https:\/\/www.gentile.law\/wp-content\/uploads\/2025\/04\/im_114.webp","type":"image\/png"}],"author":"Gentile Law","twitter_card":"summary_large_image","twitter_misc":{"Written by":"Gentile Law","Est. reading time":"4 minutes"},"schema":{"@context":"https:\/\/schema.org","@graph":[{"@type":"WebPage","@id":"https:\/\/www.gentile.law\/en\/visado-para-busqueda-de-empleo-en-espana-hijos-y-nietos-de-espanoles-residentes-en-argentina\/","url":"https:\/\/www.gentile.law\/en\/visado-para-busqueda-de-empleo-en-espana-hijos-y-nietos-de-espanoles-residentes-en-argentina\/","name":"Visado para b\u00fasqueda de empleo en Espa\u00f1a \u0096 hijos y nietos de espa\u00f1oles res","isPartOf":{"@id":"https:\/\/www.gentile.law\/en\/#website"},"primaryImageOfPage":{"@id":"https:\/\/www.gentile.law\/en\/visado-para-busqueda-de-empleo-en-espana-hijos-y-nietos-de-espanoles-residentes-en-argentina\/#primaryimage"},"image":{"@id":"https:\/\/www.gentile.law\/en\/visado-para-busqueda-de-empleo-en-espana-hijos-y-nietos-de-espanoles-residentes-en-argentina\/#primaryimage"},"thumbnailUrl":"https:\/\/www.gentile.law\/wp-content\/uploads\/2025\/04\/im_114.webp","datePublished":"2019-04-22T22:00:00+00:00","dateModified":"2025-04-25T13:28:40+00:00","author":{"@id":"https:\/\/www.gentile.law\/en\/#\/schema\/person\/018b7dd097b69651866f9416d4b3d286"},"description":"A partir del d\u00eda 1 de abril de 2019 el [1](en adelante, el Ministerio) inicia un proyecto piloto para la concesi\u00f3n de [2]que los hijos y nietos de espa\u00f1oles de origen residentes en la Rep\u00fablica Argentina y que carecen de la nacionalidad espa\u00f1ola, [3]. En caso que la demanda de solicitudes sea a","breadcrumb":{"@id":"https:\/\/www.gentile.law\/en\/visado-para-busqueda-de-empleo-en-espana-hijos-y-nietos-de-espanoles-residentes-en-argentina\/#breadcrumb"},"inLanguage":"en-US","potentialAction":[{"@type":"ReadAction","target":["https:\/\/www.gentile.law\/en\/visado-para-busqueda-de-empleo-en-espana-hijos-y-nietos-de-espanoles-residentes-en-argentina\/"]}]},{"@type":"ImageObject","inLanguage":"en-US","@id":"https:\/\/www.gentile.law\/en\/visado-para-busqueda-de-empleo-en-espana-hijos-y-nietos-de-espanoles-residentes-en-argentina\/#primaryimage","url":"https:\/\/www.gentile.law\/wp-content\/uploads\/2025\/04\/im_114.webp","contentUrl":"https:\/\/www.gentile.law\/wp-content\/uploads\/2025\/04\/im_114.webp","width":512,"height":512},{"@type":"BreadcrumbList","@id":"https:\/\/www.gentile.law\/en\/visado-para-busqueda-de-empleo-en-espana-hijos-y-nietos-de-espanoles-residentes-en-argentina\/#breadcrumb","itemListElement":[{"@type":"ListItem","position":1,"name":"Portada","item":"https:\/\/www.gentile.law\/en\/"},{"@type":"ListItem","position":2,"name":"Visado para b\u00fasqueda de empleo en Espa\u00f1a \u0096 hijos y nietos de espa\u00f1ole"}]},{"@type":"WebSite","@id":"https:\/\/www.gentile.law\/en\/#website","url":"https:\/\/www.gentile.law\/en\/","name":"Gentile Law","description":"","potentialAction":[{"@type":"SearchAction","target":{"@type":"EntryPoint","urlTemplate":"https:\/\/www.gentile.law\/en\/?s={search_term_string}"},"query-input":{"@type":"PropertyValueSpecification","valueRequired":true,"valueName":"search_term_string"}}],"inLanguage":"en-US"},{"@type":"Person","@id":"https:\/\/www.gentile.law\/en\/#\/schema\/person\/018b7dd097b69651866f9416d4b3d286","name":"Gentile Law","image":{"@type":"ImageObject","inLanguage":"en-US","@id":"https:\/\/www.gentile.law\/en\/#\/schema\/person\/image\/","url":"https:\/\/secure.gravatar.com\/avatar\/71ab9fb531afae7e43189c0ca308ace8?s=96&d=mm&r=g","contentUrl":"https:\/\/secure.gravatar.com\/avatar\/71ab9fb531afae7e43189c0ca308ace8?s=96&d=mm&r=g","caption":"Gentile Law"},"sameAs":["https:\/\/es.linkedin.com\/company\/gentile-law"],"url":"https:\/\/www.gentile.law\/en\/author\/gentile-law\/"}]}},"builder_content":"","_links":{"self":[{"href":"https:\/\/www.gentile.law\/en\/wp-json\/wp\/v2\/posts\/9842","targetHints":{"allow":["GET"]}}],"collection":[{"href":"https:\/\/www.gentile.law\/en\/wp-json\/wp\/v2\/posts"}],"about":[{"href":"https:\/\/www.gentile.law\/en\/wp-json\/wp\/v2\/types\/post"}],"author":[{"embeddable":true,"href":"https:\/\/www.gentile.law\/en\/wp-json\/wp\/v2\/users\/12"}],"replies":[{"embeddable":true,"href":"https:\/\/www.gentile.law\/en\/wp-json\/wp\/v2\/comments?post=9842"}],"version-history":[{"count":2,"href":"https:\/\/www.gentile.law\/en\/wp-json\/wp\/v2\/posts\/9842\/revisions"}],"predecessor-version":[{"id":13943,"href":"https:\/\/www.gentile.law\/en\/wp-json\/wp\/v2\/posts\/9842\/revisions\/13943"}],"wp:featuredmedia":[{"embeddable":true,"href":"https:\/\/www.gentile.law\/en\/wp-json\/wp\/v2\/media\/11750"}],"wp:attachment":[{"href":"https:\/\/www.gentile.law\/en\/wp-json\/wp\/v2\/media?parent=9842"}],"wp:term":[{"taxonomy":"category","embeddable":true,"href":"https:\/\/www.gentile.law\/en\/wp-json\/wp\/v2\/categories?post=9842"},{"taxonomy":"post_tag","embeddable":true,"href":"https:\/\/www.gentile.law\/en\/wp-json\/wp\/v2\/tags?post=9842"}],"curies":[{"name":"wp","href":"https:\/\/api.w.org\/{rel}","templated":true}]}}